{"id":1528,"date":"2017-06-04T19:47:59","date_gmt":"2017-06-04T17:47:59","guid":{"rendered":"http:\/\/rtc-bezau.at\/?p=1528"},"modified":"2017-06-07T11:01:30","modified_gmt":"2017-06-07T09:01:30","slug":"finaleinzug","status":"publish","type":"post","link":"https:\/\/rtc-bezau.at\/?p=1528","title":{"rendered":"A schafft Finaleinzug, B gewinnt Kreuzspiel"},"content":{"rendered":"<p>Mit einem 7-2 Heimsieg gegen den UTC Alberschwende konnte nach 2015 der zweite Finaleinzug in der A-Liga fixiert werden. Im Einser-Einzel musste sich Lukas Franz nach einem Match auf hohem Niveau Andreas Spettel geschlagen geben. F\u00fcr die ersten Punkte sorgten dann Hubert Gmeiner und Stefan Feuerstein in deren Einzeln. Durch die Niederlage von Martin Fink und zwei deutlichen Siegen in den Dameneinzeln durch Ursula Schwarzmann und Heidi Figer stand es nach den Einzeln 4-2. In den Doppeln behielten dann unsere Paarungen H. Gmeiner\/T. Fetz, S. Feuerstein\/M. Fink und U. Schwarzmann\/H. Figer k\u00fchlen Kopf und feierten drei Siege. Nun geht es am 17.6. in Hittisau gegen den UTC Egg um die Meisterkrone in der Bregenzerw\u00e4lder Mannschaftsmeisterschaft.<\/p>\n<table width=\"603\">\n<tbody>\n<tr>\n<td width=\"435\">Lukas Franz &#8211; <strong>Andreas Spettel<\/strong><\/td>\n<td width=\"168\">1-6 6-7<\/td>\n<\/tr>\n<tr>\n<td><strong>Hubert Gmeiner<\/strong> &#8211; Philipp Schwarz<\/td>\n<td>7-5 2-6 7-2 w.o.<\/td>\n<\/tr>\n<tr>\n<td><strong>Stefan Feuerstein<\/strong> &#8211; Manuel Gmeiner<\/td>\n<td>7-6 6-1<\/td>\n<\/tr>\n<tr>\n<td>Martin Fink &#8211; <strong>Alexander Oss<\/strong><\/td>\n<td>0-6 2-6<\/td>\n<\/tr>\n<tr>\n<td><strong>Ursula Schwarzmann<\/strong> &#8211; Tamara Eiler<\/td>\n<td>6-4 6-0<\/td>\n<\/tr>\n<tr>\n<td><strong>Heidi Figer<\/strong> &#8211; Pia Bereuter<\/td>\n<td>6-0 6-0<\/td>\n<\/tr>\n<tr>\n<td><strong>S. Feuerstein\/M. Fink<\/strong> &#8211; M. Gmeiner\/A. Oss<\/td>\n<td>3-6 6-1 10-6<\/td>\n<\/tr>\n<tr>\n<td><strong>H. Gmeiner\/Thomas Fetz<\/strong> &#8211; A. Spettel\/Thomas Freuis<\/td>\n<td>6-7 6-3 10-6<\/td>\n<\/tr>\n<tr>\n<td><strong>U. Schwarzmann\/H. Figer<\/strong> &#8211; T. Eiler\/P. Bereuter<\/td>\n<td>6-1 6-0<\/td>\n<\/tr>\n<\/tbody>\n<\/table>\n<p>&nbsp;<\/p>\n<p>Am Pfingstmontag empfing unsere 2. Mannschaft den TC Au II zum Kreuzspiel um die Pl\u00e4tze 5-8. Es endete mit einem 6-3 Sieg f\u00fcr den RTC. Nach Einzelsiegen durch Stefan Stipo K\u00fcnzler, Wenzel Reiner, Christoph Bereuter, Sandra Fink und Jana Kaufmann (in ihrem allerersten Meisterschaftsmatch) stand es bereits nach den Einzeln 5-1 und somit gingen wir bereits uneinholbar in F\u00fchrung. B-Mannschaftsf\u00fchrer Michael Lipburger musste sich leider seinem Gegner geschlagen geben. In den folgenden Doppeln konnten nur noch die Damen Sandra Fink\/Bianca Geiger ihr Spiel gewinnen. Die Herrendoppel W.Reiner\/C. Bereuter und M. Lipburger\/Lorenz Schwarzmann hatten gegen die Auer das Nachsehen. Nun geht es am Samstag gegen den TC Schwarzenberg im letzten Saisonspiel um den 5. Platz.<\/p>\n<table style=\"border-collapse: collapse; width: 452pt;\" width=\"603\">\n<colgroup>\n<col style=\"width: 326pt;\" width=\"435\" \/>\n<col style=\"width: 126pt;\" width=\"168\" \/> <\/colgroup>\n<tbody>\n<tr style=\"height: 15.0pt;\">\n<td class=\"xl16\" style=\"width: 326pt; height: 15.0pt;\" width=\"435\" height=\"20\"><strong><span class=\"font6\">Stefan K\u00fcnzler<\/span><\/strong><span class=\"font5\"> &#8211; Andre Muxel<\/span><\/td>\n<td class=\"xl16\" style=\"width: 126pt;\" width=\"168\">4-6 6-3 12-10<\/td>\n<\/tr>\n<tr style=\"height: 15.0pt;\">\n<td class=\"xl16\" style=\"width: 326pt; height: 15.0pt;\" width=\"435\" height=\"20\"><strong><span class=\"font6\">Wenzel Reiner<\/span><\/strong><span class=\"font5\"> &#8211; Julien Muxel<\/span><\/td>\n<td class=\"xl16\" style=\"width: 126pt;\" width=\"168\">7-6 6-2<\/td>\n<\/tr>\n<tr style=\"height: 15.0pt;\">\n<td class=\"xl16\" style=\"width: 326pt; height: 15.0pt;\" width=\"435\" height=\"20\">Michael Lipburger &#8211; <strong><span class=\"font6\">Christian R\u00fcscher<\/span><\/strong><\/td>\n<td class=\"xl16\" style=\"width: 126pt;\" width=\"168\">6-2 3-6 6-10<\/td>\n<\/tr>\n<tr style=\"height: 15.0pt;\">\n<td class=\"xl16\" style=\"width: 326pt; height: 15.0pt;\" width=\"435\" height=\"20\"><strong><span class=\"font6\">Christoph Bereuter<\/span><\/strong><span class=\"font5\"> &#8211; Leonhard Beer<\/span><\/td>\n<td class=\"xl16\" style=\"width: 126pt;\" width=\"168\">6-2 6-1<\/td>\n<\/tr>\n<tr style=\"height: 15.0pt;\">\n<td class=\"xl16\" style=\"width: 326pt; height: 15.0pt;\" width=\"435\" height=\"20\"><strong><span class=\"font6\">Sandra Fink<\/span><\/strong><span class=\"font5\"> &#8211; Sybille Felder<\/span><\/td>\n<td class=\"xl16\" style=\"width: 126pt;\" width=\"168\">6-1 6-2<\/td>\n<\/tr>\n<tr style=\"height: 15.0pt;\">\n<td class=\"xl16\" style=\"width: 326pt; height: 15.0pt;\" width=\"435\" height=\"20\"><strong><span class=\"font6\">Jana Kaufmann<\/span><\/strong><span class=\"font5\"> &#8211; Ivana Muxel<\/span><\/td>\n<td class=\"xl16\" style=\"width: 126pt;\" width=\"168\">6-2 6-3<\/td>\n<\/tr>\n<tr style=\"height: 15.0pt;\">\n<td class=\"xl16\" style=\"width: 326pt; height: 15.0pt;\" width=\"435\" height=\"20\">W. Reiner\/C. Bereuter &#8211;<strong><span class=\"font6\"> A. Muxel\/C. R\u00fcscher<\/span><\/strong><\/td>\n<td class=\"xl16\" style=\"width: 126pt;\" width=\"168\">6-7 3-6<\/td>\n<\/tr>\n<tr style=\"height: 15.0pt;\">\n<td class=\"xl16\" style=\"width: 326pt; height: 15.0pt;\" width=\"435\" height=\"20\">M. Lipburger\/L. Schwarzmann &#8211; <strong><span class=\"font6\">J. Muxel\/W. Giselbrecht<\/span><\/strong><\/td>\n<td class=\"xl16\" style=\"width: 126pt;\" width=\"168\">2-6 6-2 3-10<\/td>\n<\/tr>\n<tr style=\"height: 15.0pt;\">\n<td class=\"xl16\" style=\"width: 326pt; height: 15.0pt;\" width=\"435\" height=\"20\"><strong><span class=\"font6\">S. Fink\/B. Geiger<\/span><\/strong><span class=\"font5\"> &#8211; R. Berbig\/S. Felder<\/span><\/td>\n<td class=\"xl16\" style=\"width: 126pt;\" width=\"168\">6-4 6-2<\/td>\n<\/tr>\n<\/tbody>\n<\/table>\n","protected":false},"excerpt":{"rendered":"<p>Mit einem 7-2 Heimsieg gegen den UTC Alberschwende konnte nach 2015 der zweite Finaleinzug in der A-Liga fixiert werden. Im Einser-Einzel musste sich Lukas Franz nach einem Match auf hohem Niveau Andreas Spettel geschlagen geben. F\u00fcr die ersten Punkte sorgten dann Hubert Gmeiner und Stefan Feuerstein in deren Einzeln. Durch die Niederlage von Martin Fink&#8230;<\/p>\n","protected":false},"author":3,"featured_media":1542,"comment_status":"closed","ping_status":"open","sticky":false,"template":"","format":"standard","meta":{"jetpack_post_was_ever_published":false,"_jetpack_newsletter_access":"","_jetpack_dont_email_post_to_subs":false,"_jetpack_newsletter_tier_id":0,"_jetpack_memberships_contains_paywalled_content":false,"_jetpack_memberships_contains_paid_content":false,"footnotes":"","jetpack_publicize_message":"","jetpack_publicize_feature_enabled":true,"jetpack_social_post_already_shared":false,"jetpack_social_options":{"image_generator_settings":{"template":"highway","default_image_id":0,"font":"","enabled":false},"version":2}},"categories":[8],"tags":[],"class_list":["post-1528","post","type-post","status-publish","format-standard","has-post-thumbnail","hentry","category-kampfmannschaft"],"jetpack_publicize_connections":[],"jetpack_featured_media_url":"https:\/\/rtc-bezau.at\/wp-content\/uploads\/2017\/06\/FullSizeRender.jpg","jetpack_shortlink":"https:\/\/wp.me\/p7z6iE-oE","jetpack_sharing_enabled":true,"_links":{"self":[{"href":"https:\/\/rtc-bezau.at\/index.php?rest_route=\/wp\/v2\/posts\/1528","targetHints":{"allow":["GET"]}}],"collection":[{"href":"https:\/\/rtc-bezau.at\/index.php?rest_route=\/wp\/v2\/posts"}],"about":[{"href":"https:\/\/rtc-bezau.at\/index.php?rest_route=\/wp\/v2\/types\/post"}],"author":[{"embeddable":true,"href":"https:\/\/rtc-bezau.at\/index.php?rest_route=\/wp\/v2\/users\/3"}],"replies":[{"embeddable":true,"href":"https:\/\/rtc-bezau.at\/index.php?rest_route=%2Fwp%2Fv2%2Fcomments&post=1528"}],"version-history":[{"count":10,"href":"https:\/\/rtc-bezau.at\/index.php?rest_route=\/wp\/v2\/posts\/1528\/revisions"}],"predecessor-version":[{"id":1541,"href":"https:\/\/rtc-bezau.at\/index.php?rest_route=\/wp\/v2\/posts\/1528\/revisions\/1541"}],"wp:featuredmedia":[{"embeddable":true,"href":"https:\/\/rtc-bezau.at\/index.php?rest_route=\/wp\/v2\/media\/1542"}],"wp:attachment":[{"href":"https:\/\/rtc-bezau.at\/index.php?rest_route=%2Fwp%2Fv2%2Fmedia&parent=1528"}],"wp:term":[{"taxonomy":"category","embeddable":true,"href":"https:\/\/rtc-bezau.at\/index.php?rest_route=%2Fwp%2Fv2%2Fcategories&post=1528"},{"taxonomy":"post_tag","embeddable":true,"href":"https:\/\/rtc-bezau.at\/index.php?rest_route=%2Fwp%2Fv2%2Ftags&post=1528"}],"curies":[{"name":"wp","href":"https:\/\/api.w.org\/{rel}","templated":true}]}}