{"id":1544,"date":"2017-06-19T13:52:35","date_gmt":"2017-06-19T11:52:35","guid":{"rendered":"http:\/\/rtc-bezau.at\/?p=1544"},"modified":"2018-03-14T13:00:23","modified_gmt":"2018-03-14T12:00:23","slug":"vizemeister","status":"publish","type":"post","link":"https:\/\/rtc-bezau.at\/?p=1544","title":{"rendered":"Vizemeister"},"content":{"rendered":"<p>Leider wurde es nichts mit dem erhofften Titelgewinn in der Bregenzerw\u00e4lder Mannschaftsmeisterschaft 2017. Nach knappen Spielen und einer dramatischen Schlussphase mussten wir uns dem UTC Egg mit 4-5 geschlagen geben. So bleibt uns wie 2015 der Vizemeistertitel in der A-Liga. Nach den Einzeln stand es ausgeglichen 3-3. F\u00fcr die Punkte sorgten Hubert Gmeiner, Stefan Feuerstein und Magdalena Winkler mit Siegen \u00fcber je 3 S\u00e4tzen. Lukas Franz, Martin Fink sowie Ursula Schwarzmann mussten sich dagegen ihren Gegner geschlagen geben. Die Entscheidung fiel somit in den abschlie\u00dfenden Doppeln. Leider fehlte uns dort das Momentum und so standen einem Sieg im Damendoppel zwei Niederlagen in den beiden Herrendoppeln gegen\u00fcber. Folglich stand somit der UTC Egg als Meister fest. Details auf www.rtc-bezau.at<\/p>\n<p>&nbsp;<\/p>\n<table width=\"603\">\n<tbody>\n<tr>\n<td width=\"435\">Lukas Franz &#8211; <strong>Elia K\u00f6b<\/strong><\/td>\n<td width=\"168\">5-7 1-6<\/td>\n<\/tr>\n<tr>\n<td width=\"435\"><strong>Hubert Gmeiner<\/strong> &#8211; Sebastian Meusburger<\/td>\n<td width=\"168\">6-3 3-6 10-2<\/td>\n<\/tr>\n<tr>\n<td width=\"435\"><strong>Stefan Feuerstein<\/strong> &#8211; Dietmar Meusburger<\/td>\n<td width=\"168\">6-7 6-3 10-8<\/td>\n<\/tr>\n<tr>\n<td width=\"435\">Martin Fink &#8211; <strong>Dion Barelds<\/strong><\/td>\n<td width=\"168\">4-6 2-6<\/td>\n<\/tr>\n<tr>\n<td width=\"435\"><strong>Magdalena Winkler<\/strong> &#8211; Sonja Tantscher<\/td>\n<td width=\"168\">6-1 4-6 10-4<\/td>\n<\/tr>\n<tr>\n<td width=\"435\">Ursula Schwarzmann &#8211; <strong>Antonella Sch\u00e4tzer<\/strong><\/td>\n<td width=\"168\">1-6 1-6<\/td>\n<\/tr>\n<tr>\n<td width=\"435\">L. Franz\/M. Fink &#8211; <strong>K\u00f6b E.\/K\u00f6b Dietmar<\/strong><\/td>\n<td width=\"168\">1-6 6-4 6-10<\/td>\n<\/tr>\n<tr>\n<td width=\"435\">H. Gmeiner\/Thomas Fetz &#8211; <strong>S. Meusburger\/D. Barelds<\/strong><\/td>\n<td width=\"168\">0-6 4-6<\/td>\n<\/tr>\n<tr>\n<td width=\"435\"><strong>M. Winkler\/U. Schwarzmann<\/strong> &#8211; S. Tantscher\/A. Sch\u00e4tzer<\/td>\n<td width=\"168\">6-0 6-7 10-6<\/td>\n<\/tr>\n<\/tbody>\n<\/table>\n<p>B verliert Spiel um Platz 5 gegen TC Schwarzenberg 0-9<\/p>\n<table width=\"603\">\n<tbody>\n<tr>\n<td width=\"435\"><strong>Michael Schuh <\/strong>&#8211; Wenzel Reiner<strong><br \/>\n<\/strong><\/td>\n<td width=\"168\">6-1 6-2<\/td>\n<\/tr>\n<tr>\n<td width=\"435\"><strong>Reinhard Robitschko<\/strong> &#8211; Michael Lipburger<\/td>\n<td width=\"168\">6-1 6-0<\/td>\n<\/tr>\n<tr>\n<td width=\"435\"><strong>Conny Berchtold<\/strong> &#8211; Christoph Bereuter<\/td>\n<td width=\"168\">6-4 6-2<\/td>\n<\/tr>\n<tr>\n<td width=\"435\"><strong>Walter Metzler<\/strong> &#8211; Lorenz Schwarzmann<\/td>\n<td width=\"168\">6-0 6-3<\/td>\n<\/tr>\n<tr>\n<td width=\"435\"><strong>w.o.<\/strong><\/td>\n<td width=\"168\"><\/td>\n<\/tr>\n<tr>\n<td width=\"435\"><strong>w.o.<\/strong><\/td>\n<td width=\"168\"><\/td>\n<\/tr>\n<tr>\n<td width=\"435\"><strong>M. Schuh\/R. Robitschko<\/strong> &#8211; S. K\u00fcnzler\/W. Reiner<\/td>\n<td width=\"168\">6-2 7-6<\/td>\n<\/tr>\n<tr>\n<td width=\"435\"><strong>C. Berchtold\/W. Metzler<\/strong> &#8211; L. Schwarzmann\/J. W\u00fcstner<\/td>\n<td width=\"168\">6-1 6-2<\/td>\n<\/tr>\n<tr>\n<td width=\"435\"><strong>H. V\u00f6gel\/L. V\u00f6gel<\/strong> &#8211; H. Figer\/B. Geiger<\/td>\n<td width=\"168\">5-7 6-0 12-10<\/td>\n<\/tr>\n<\/tbody>\n<\/table>\n","protected":false},"excerpt":{"rendered":"<p>Leider wurde es nichts mit dem erhofften Titelgewinn in der Bregenzerw\u00e4lder Mannschaftsmeisterschaft 2017. Nach knappen Spielen und einer dramatischen Schlussphase mussten wir uns dem UTC Egg mit 4-5 geschlagen geben. So bleibt uns wie 2015 der Vizemeistertitel in der A-Liga. Nach den Einzeln stand es ausgeglichen 3-3. F\u00fcr die Punkte sorgten Hubert Gmeiner, Stefan Feuerstein&#8230;<\/p>\n","protected":false},"author":3,"featured_media":1545,"comment_status":"closed","ping_status":"open","sticky":false,"template":"","format":"standard","meta":{"jetpack_post_was_ever_published":false,"_jetpack_newsletter_access":"","_jetpack_dont_email_post_to_subs":false,"_jetpack_newsletter_tier_id":0,"_jetpack_memberships_contains_paywalled_content":false,"_jetpack_memberships_contains_paid_content":false,"footnotes":"","jetpack_publicize_message":"","jetpack_publicize_feature_enabled":true,"jetpack_social_post_already_shared":false,"jetpack_social_options":{"image_generator_settings":{"template":"highway","default_image_id":0,"font":"","enabled":false},"version":2}},"categories":[8],"tags":[],"class_list":["post-1544","post","type-post","status-publish","format-standard","has-post-thumbnail","hentry","category-kampfmannschaft"],"jetpack_publicize_connections":[],"jetpack_featured_media_url":"https:\/\/rtc-bezau.at\/wp-content\/uploads\/2017\/06\/2017_RTC_Finale_128.jpg","jetpack_shortlink":"https:\/\/wp.me\/p7z6iE-oU","jetpack_sharing_enabled":true,"_links":{"self":[{"href":"https:\/\/rtc-bezau.at\/index.php?rest_route=\/wp\/v2\/posts\/1544","targetHints":{"allow":["GET"]}}],"collection":[{"href":"https:\/\/rtc-bezau.at\/index.php?rest_route=\/wp\/v2\/posts"}],"about":[{"href":"https:\/\/rtc-bezau.at\/index.php?rest_route=\/wp\/v2\/types\/post"}],"author":[{"embeddable":true,"href":"https:\/\/rtc-bezau.at\/index.php?rest_route=\/wp\/v2\/users\/3"}],"replies":[{"embeddable":true,"href":"https:\/\/rtc-bezau.at\/index.php?rest_route=%2Fwp%2Fv2%2Fcomments&post=1544"}],"version-history":[{"count":5,"href":"https:\/\/rtc-bezau.at\/index.php?rest_route=\/wp\/v2\/posts\/1544\/revisions"}],"predecessor-version":[{"id":1740,"href":"https:\/\/rtc-bezau.at\/index.php?rest_route=\/wp\/v2\/posts\/1544\/revisions\/1740"}],"wp:featuredmedia":[{"embeddable":true,"href":"https:\/\/rtc-bezau.at\/index.php?rest_route=\/wp\/v2\/media\/1545"}],"wp:attachment":[{"href":"https:\/\/rtc-bezau.at\/index.php?rest_route=%2Fwp%2Fv2%2Fmedia&parent=1544"}],"wp:term":[{"taxonomy":"category","embeddable":true,"href":"https:\/\/rtc-bezau.at\/index.php?rest_route=%2Fwp%2Fv2%2Fcategories&post=1544"},{"taxonomy":"post_tag","embeddable":true,"href":"https:\/\/rtc-bezau.at\/index.php?rest_route=%2Fwp%2Fv2%2Ftags&post=1544"}],"curies":[{"name":"wp","href":"https:\/\/api.w.org\/{rel}","templated":true}]}}