{"id":1786,"date":"2018-06-03T12:05:25","date_gmt":"2018-06-03T10:05:25","guid":{"rendered":"http:\/\/rtc-bezau.at\/?p=1786"},"modified":"2018-06-04T14:42:56","modified_gmt":"2018-06-04T12:42:56","slug":"halbfinalniederlage","status":"publish","type":"post","link":"https:\/\/rtc-bezau.at\/?p=1786","title":{"rendered":"Halbfinalniederlage"},"content":{"rendered":"<p>Im Showdown um den Finaleinzug setzte es f\u00fcr die erste Mannschaft eine herbe 4-5 Niederlage gegen den Titelverteidiger UTC Egg. Trotz gegl\u00fccktem Start durch drei Herren-Einzelsiegen von Lukas Franz, Thomas Fetz und Stefan M\u00e4tzler, wurde der Tagessieg nach drei verlorenen Damenpunkten und einer Niederlage im Herrendoppel verpasst. Da half leider auch der souver\u00e4ne Sieg durch Thomas Fetz\/Martin Fink im 2. Herrendoppel nichts mehr. Somit geht es im letzten Ligaspiel am kommenden Samstag gegen den UTC Alberschwende um den 3. Endrang in der Bregenzerw\u00e4lder Mannschaftsmeisterschaft.<\/p>\n<p>Auch bei der zweiten Mannschaft lief es nicht nach Wunsch und die Spieler\/innen haben eine 0-9 Heimniederlage gegen den TC Langenegg zu verdauen. Im letzten Gruppenspiel in Sibratsgf\u00e4ll gilt es nun den Abstieg in die C-Liga zu vermeiden.<\/p>\n<p>A-Liga: UTC Egg \u2013 RTC Bezau I 5-4<\/p>\n<div>\n<table width=\"603\">\n<tbody>\n<tr>\n<td width=\"435\">Sebastian Meusburger \u2013 <strong>Lukas Franz<\/strong><\/td>\n<td width=\"168\">6-1 4-6 9-11<\/td>\n<\/tr>\n<tr>\n<td><strong>Markus Tantscher<\/strong> \u2013 Stefan Feuerstein<\/td>\n<td>6-0 6-2<\/td>\n<\/tr>\n<tr>\n<td>Dietmar Meusburger \u2013<strong> Thomas Fetz<\/strong><\/td>\n<td>w.o. (bei 3-3)<\/td>\n<\/tr>\n<tr>\n<td>Joe Tschofen \u2013<strong> Stefan M\u00e4tzler<\/strong><\/td>\n<td>6-3 3-6 8-10<\/td>\n<\/tr>\n<tr>\n<td><strong>Sonja Tantscher<\/strong> \u2013 Sandra Fink<\/td>\n<td>6-1 6-4<\/td>\n<\/tr>\n<tr>\n<td><strong>Antonella Sch\u00e4tzer<\/strong> \u2013 Katja Marent-Weindl<\/td>\n<td>6-0 6-1<\/td>\n<\/tr>\n<tr>\n<td><strong>M. Tantscher\/S. Meusburger <\/strong>\u2013 L. Franz\/S. Feuerstein<\/td>\n<td>6-2 6-3<\/td>\n<\/tr>\n<tr>\n<td>J. Tschofen\/M. Simma \u2013<strong> T.Fetz\/M. Fink<\/strong><\/td>\n<td>0-6 1-6<\/td>\n<\/tr>\n<tr>\n<td><strong>S. Tantscher\/A. Sch\u00e4tzer<\/strong> \u2013 S. Fink\/K. Marent-Weindl<\/td>\n<td>6-1 6-0<\/td>\n<\/tr>\n<\/tbody>\n<\/table>\n<\/div>\n<p>&nbsp;<\/p>\n<p>B-Liga: RTC Bezau II \u2013 UTC Langenegg 0-9<\/p>\n<div>\n<table width=\"603\">\n<tbody>\n<tr>\n<td width=\"435\">Wenzel Reiner \u2013 <strong>Rene Lang<\/strong><\/td>\n<td width=\"168\">4-6 4-6<\/td>\n<\/tr>\n<tr>\n<td>Christoph Bereuter \u2013 <strong>Mario Hirschb\u00fchl<br \/>\n<\/strong><\/td>\n<td>7-6 3-6 2-10<\/td>\n<\/tr>\n<tr>\n<td>Johannes W\u00fcstner \u2013<strong> Emanuel Madlener<\/strong><\/td>\n<td>0-6 1-6<\/td>\n<\/tr>\n<tr>\n<td>Lorenz Schwarzmann \u2013<strong> Daniel Nussbaumer<br \/>\n<\/strong><\/td>\n<td>1-6 1-6<\/td>\n<\/tr>\n<tr>\n<td>Jana Kaufmann \u2013 <strong>Sarah Fuchs<\/strong><\/td>\n<td>1-6 3-6<\/td>\n<\/tr>\n<tr>\n<td>Paula Isenberg\u00a0\u2013 <strong>Simone Madlener<br \/>\n<\/strong><\/td>\n<td>\u00a00-6 0-6<\/td>\n<\/tr>\n<tr>\n<td>W. Reiner\/C. Bereuter \u2013 <strong>Nussbaumer\/Madlener<\/strong><\/td>\n<td>2-6 3-6<\/td>\n<\/tr>\n<tr>\n<td>J. W\u00fcstner\/L. Schwarzm. \u2013 <strong>Lang\/Madlener<\/strong><\/td>\n<td>0-6 4-6<\/td>\n<\/tr>\n<tr>\n<td>J. Kaufmann\/P. Isenberg \u2013 <strong>Fuchs\/Zemanek<\/strong><\/td>\n<td>1-6 1-6<\/td>\n<\/tr>\n<\/tbody>\n<\/table>\n<\/div>\n<p>&nbsp;<\/p>\n<p>&nbsp;<\/p>\n<p>&nbsp;<\/p>\n<p>&nbsp;<\/p>\n","protected":false},"excerpt":{"rendered":"<p>Im Showdown um den Finaleinzug setzte es f\u00fcr die erste Mannschaft eine herbe 4-5 Niederlage gegen den Titelverteidiger UTC Egg. Trotz gegl\u00fccktem Start durch drei Herren-Einzelsiegen von Lukas Franz, Thomas Fetz und Stefan M\u00e4tzler, wurde der Tagessieg nach drei verlorenen Damenpunkten und einer Niederlage im Herrendoppel verpasst. Da half leider auch der souver\u00e4ne Sieg durch&#8230;<\/p>\n","protected":false},"author":3,"featured_media":1788,"comment_status":"closed","ping_status":"open","sticky":false,"template":"","format":"standard","meta":{"jetpack_post_was_ever_published":false,"_jetpack_newsletter_access":"","_jetpack_dont_email_post_to_subs":false,"_jetpack_newsletter_tier_id":0,"_jetpack_memberships_contains_paywalled_content":false,"_jetpack_memberships_contains_paid_content":false,"footnotes":"","jetpack_publicize_message":"","jetpack_publicize_feature_enabled":true,"jetpack_social_post_already_shared":false,"jetpack_social_options":{"image_generator_settings":{"template":"highway","default_image_id":0,"font":"","enabled":false},"version":2}},"categories":[8],"tags":[],"class_list":["post-1786","post","type-post","status-publish","format-standard","has-post-thumbnail","hentry","category-kampfmannschaft"],"jetpack_publicize_connections":[],"jetpack_featured_media_url":"https:\/\/rtc-bezau.at\/wp-content\/uploads\/2018\/06\/b\u00e4ck.jpg","jetpack_shortlink":"https:\/\/wp.me\/p7z6iE-sO","jetpack_sharing_enabled":true,"_links":{"self":[{"href":"https:\/\/rtc-bezau.at\/index.php?rest_route=\/wp\/v2\/posts\/1786","targetHints":{"allow":["GET"]}}],"collection":[{"href":"https:\/\/rtc-bezau.at\/index.php?rest_route=\/wp\/v2\/posts"}],"about":[{"href":"https:\/\/rtc-bezau.at\/index.php?rest_route=\/wp\/v2\/types\/post"}],"author":[{"embeddable":true,"href":"https:\/\/rtc-bezau.at\/index.php?rest_route=\/wp\/v2\/users\/3"}],"replies":[{"embeddable":true,"href":"https:\/\/rtc-bezau.at\/index.php?rest_route=%2Fwp%2Fv2%2Fcomments&post=1786"}],"version-history":[{"count":5,"href":"https:\/\/rtc-bezau.at\/index.php?rest_route=\/wp\/v2\/posts\/1786\/revisions"}],"predecessor-version":[{"id":1792,"href":"https:\/\/rtc-bezau.at\/index.php?rest_route=\/wp\/v2\/posts\/1786\/revisions\/1792"}],"wp:featuredmedia":[{"embeddable":true,"href":"https:\/\/rtc-bezau.at\/index.php?rest_route=\/wp\/v2\/media\/1788"}],"wp:attachment":[{"href":"https:\/\/rtc-bezau.at\/index.php?rest_route=%2Fwp%2Fv2%2Fmedia&parent=1786"}],"wp:term":[{"taxonomy":"category","embeddable":true,"href":"https:\/\/rtc-bezau.at\/index.php?rest_route=%2Fwp%2Fv2%2Fcategories&post=1786"},{"taxonomy":"post_tag","embeddable":true,"href":"https:\/\/rtc-bezau.at\/index.php?rest_route=%2Fwp%2Fv2%2Ftags&post=1786"}],"curies":[{"name":"wp","href":"https:\/\/api.w.org\/{rel}","templated":true}]}}