{"id":2062,"date":"2019-05-13T09:04:46","date_gmt":"2019-05-13T07:04:46","guid":{"rendered":"http:\/\/rtc-bezau.at\/?p=2062"},"modified":"2019-05-28T09:55:34","modified_gmt":"2019-05-28T07:55:34","slug":"1-gruppenspiel-2","status":"publish","type":"post","link":"https:\/\/rtc-bezau.at\/?p=2062","title":{"rendered":"1. Gruppenspiel"},"content":{"rendered":"<p>Nicht nur Dominic Thiem hat nach knapper Halbfinalniederlage in Madrid gegen die Nr. 1 der Welt Novak Djokovic eine bittere Niederlage zu verkraften, sondern auch der RTC Bezau. Im 1. Gruppenspiel der Bregenzerw\u00e4lder Mannschaftsmeisterschaft gegen den UTC Alberschwende setzte es eine durchaus ungl\u00fcckliche 4-5 Niederlage. Nach den Einzeln stand es nach nur zwei Siegen von Stefan Feuerstein und Martin Fink bereits 2-4. Durch Siege im ersten Herrendoppel (Feuerstein\/Lukas Franz) und Damendoppel (Johanna Zwischenbrugger\/Ursula Schwarzmann-K\u00fcnzler) wurde es nochmals spannend und es stand zwischenzeitlich 4-4. Doch im parallel laufenden zweiten Herrendoppel mussten sich Martin Fink\/Thomas Fetz nach hartem Kampf im dritten Satz knapp geschlagen geben. Nun steht die A-Mannschaft im n\u00e4chsten Gruppenspiel in Schoppernau bereits geh\u00f6rig unter Siegzwang.<\/p>\n<p>Den 13-st\u00fcndigen Marathontag auf der Tennisanlage er\u00f6ffneten zuvor schon die Herren der B-Mannschaft. Gegen den TC Sulzberg steht es nach Einzelsiegen durch Stipo, Stefan M\u00e4tzler und dem Doppelsieg von Stipo\/Christoph Bereuter 3-3. Eine ansehnliche Meisterschaftspremiere feierte auch J\u00fcrgen Ritter. Die Damen konnten leider im Nachtrag keine Punkte holen. Am Samstag empf\u00e4ngt das B im n\u00e4chsten Heimmatch den UTC Langenegg. Gro\u00dfer Dank gilt auch Marcella K\u00fcnzler f\u00fcr die tolle Verpflegung.<\/p>\n<p>&nbsp;<\/p>\n<div>A-Liga: RTC Bezau I &#8211; <strong>UTC Alberschwende<\/strong> 4-5<\/div>\n<div><\/div>\n<div>\n<table width=\"603\">\n<tbody>\n<tr>\n<td width=\"435\"><strong>Stefan Feuerstein<\/strong>\u00a0&#8211; Manuel Gmeiner<\/td>\n<td width=\"168\">4-6 6-3 10-7<\/td>\n<\/tr>\n<tr>\n<td>Lukas Franz &#8211; <strong>Philipp Schwarz<\/strong><\/td>\n<td>1-6 4-6<\/td>\n<\/tr>\n<tr>\n<td>Thomas Fetz\u00a0&#8211; <strong>Andre Eiler<\/strong><\/td>\n<td>2-6 3-6<\/td>\n<\/tr>\n<tr>\n<td><strong>Martin Fink<\/strong> &#8211; Claudio Gmeiner<\/td>\n<td>6-3 6-1<\/td>\n<\/tr>\n<tr>\n<td>Johanna Zwischenbrugger &#8211; <strong>Laura Schwendinger<\/strong><\/td>\n<td>2-6 4-6<\/td>\n<\/tr>\n<tr>\n<td>Sandra Fink &#8211; <strong>Tina Freuis<br \/>\n<\/strong><\/td>\n<td>6-4 1-6 6-10<\/td>\n<\/tr>\n<tr>\n<td><strong>L. Franz\/S. Feuerstein<\/strong>\u00a0&#8211; M. Gmeiner\/C. Gmeiner<\/td>\n<td>6-4 6-2<\/td>\n<\/tr>\n<tr>\n<td>T. Fetz\/M. Fink &#8211; <strong>P. Schwarz\/Andre Eiler<\/strong><\/td>\n<td>6-4 2-6 6-10<\/td>\n<\/tr>\n<tr>\n<td><strong>J. Zwischenbr.\/Ursular K\u00fcnzler<\/strong> &#8211; L. Schw.\/Doris Bereuter<\/td>\n<td>\u00a06-1 6-7 10-5<\/td>\n<\/tr>\n<\/tbody>\n<\/table>\n<\/div>\n<div>\u00a0.<\/div>\n<div>\n<div>A-Liga: RTC Bezau II &#8211; <strong>TC Sulzberg<\/strong> 3-6<\/div>\n<div><\/div>\n<div>\n<table width=\"603\">\n<tbody>\n<tr>\n<td width=\"435\">\u00a0<strong>Stefan M\u00e4tzler<\/strong> &#8211; Thomas Blank<\/td>\n<td width=\"168\">\u00a06-3 6-4<\/td>\n<\/tr>\n<tr>\n<td>\u00a0<strong>Stefan K\u00fcnzler<\/strong> &#8211; Stefan Richter<\/td>\n<td>\u00a07-5 2-6 10-8<\/td>\n<\/tr>\n<tr>\n<td>\u00a0Johannes W\u00fcstner &#8211; <strong>Heino H\u00f6fle<\/strong><\/td>\n<td>\u00a01-6 2-6<\/td>\n<\/tr>\n<tr>\n<td>\u00a0J\u00fcrgen Ritter &#8211; <strong>Adrian Baldauf<\/strong><\/td>\n<td>\u00a03-6 2-6<\/td>\n<\/tr>\n<tr>\n<td>\u00a0Paula Isenberg &#8211; <strong>Sabrina Finz<\/strong><\/td>\n<td>\u00a00-6 1-6<\/td>\n<\/tr>\n<tr>\n<td>\u00a0Jana Kaufmann &#8211; <strong>Angelika Dorner<\/strong><\/td>\n<td>\u00a02-6 1-6<\/td>\n<\/tr>\n<tr>\n<td><strong>S. K\u00fcnzler\/C. Bereuter<\/strong> &#8211; S. Richter\/A. Baldauf<\/td>\n<td>6-2 6-7 11-9<\/td>\n<\/tr>\n<tr>\n<td>S. M\u00e4tzler\/J. W\u00fcstner &#8211; <strong>T. Blank\/H. H\u00f6fle<\/strong><\/td>\n<td>\u00a03-6 5-7<\/td>\n<\/tr>\n<tr>\n<td>P. Isenberg\/J. Kaufmann &#8211; <strong>S. Finz\/A. Dorner<\/strong><\/td>\n<td>0-6 1-6<\/td>\n<\/tr>\n<\/tbody>\n<\/table>\n<\/div>\n<\/div>\n","protected":false},"excerpt":{"rendered":"<p>Nicht nur Dominic Thiem hat nach knapper Halbfinalniederlage in Madrid gegen die Nr. 1 der Welt Novak Djokovic eine bittere Niederlage zu verkraften, sondern auch der RTC Bezau. Im 1. Gruppenspiel der Bregenzerw\u00e4lder Mannschaftsmeisterschaft gegen den UTC Alberschwende setzte es eine durchaus ungl\u00fcckliche 4-5 Niederlage. Nach den Einzeln stand es nach nur zwei Siegen von&#8230;<\/p>\n","protected":false},"author":3,"featured_media":2072,"comment_status":"closed","ping_status":"open","sticky":false,"template":"","format":"standard","meta":{"jetpack_post_was_ever_published":false,"_jetpack_newsletter_access":"","_jetpack_dont_email_post_to_subs":false,"_jetpack_newsletter_tier_id":0,"_jetpack_memberships_contains_paywalled_content":false,"_jetpack_memberships_contains_paid_content":false,"footnotes":"","jetpack_publicize_message":"","jetpack_publicize_feature_enabled":true,"jetpack_social_post_already_shared":false,"jetpack_social_options":{"image_generator_settings":{"template":"highway","default_image_id":0,"font":"","enabled":false},"version":2}},"categories":[8],"tags":[],"class_list":["post-2062","post","type-post","status-publish","format-standard","has-post-thumbnail","hentry","category-kampfmannschaft"],"jetpack_publicize_connections":[],"jetpack_featured_media_url":"https:\/\/rtc-bezau.at\/wp-content\/uploads\/2019\/05\/IMG_4551.jpg","jetpack_shortlink":"https:\/\/wp.me\/p7z6iE-xg","jetpack_sharing_enabled":true,"_links":{"self":[{"href":"https:\/\/rtc-bezau.at\/index.php?rest_route=\/wp\/v2\/posts\/2062","targetHints":{"allow":["GET"]}}],"collection":[{"href":"https:\/\/rtc-bezau.at\/index.php?rest_route=\/wp\/v2\/posts"}],"about":[{"href":"https:\/\/rtc-bezau.at\/index.php?rest_route=\/wp\/v2\/types\/post"}],"author":[{"embeddable":true,"href":"https:\/\/rtc-bezau.at\/index.php?rest_route=\/wp\/v2\/users\/3"}],"replies":[{"embeddable":true,"href":"https:\/\/rtc-bezau.at\/index.php?rest_route=%2Fwp%2Fv2%2Fcomments&post=2062"}],"version-history":[{"count":5,"href":"https:\/\/rtc-bezau.at\/index.php?rest_route=\/wp\/v2\/posts\/2062\/revisions"}],"predecessor-version":[{"id":2092,"href":"https:\/\/rtc-bezau.at\/index.php?rest_route=\/wp\/v2\/posts\/2062\/revisions\/2092"}],"wp:featuredmedia":[{"embeddable":true,"href":"https:\/\/rtc-bezau.at\/index.php?rest_route=\/wp\/v2\/media\/2072"}],"wp:attachment":[{"href":"https:\/\/rtc-bezau.at\/index.php?rest_route=%2Fwp%2Fv2%2Fmedia&parent=2062"}],"wp:term":[{"taxonomy":"category","embeddable":true,"href":"https:\/\/rtc-bezau.at\/index.php?rest_route=%2Fwp%2Fv2%2Fcategories&post=2062"},{"taxonomy":"post_tag","embeddable":true,"href":"https:\/\/rtc-bezau.at\/index.php?rest_route=%2Fwp%2Fv2%2Ftags&post=2062"}],"curies":[{"name":"wp","href":"https:\/\/api.w.org\/{rel}","templated":true}]}}